{"id":3946,"date":"2022-10-19T17:40:24","date_gmt":"2022-10-19T15:40:24","guid":{"rendered":"https:\/\/www.schmid-schmid.at\/blog\/?p=3946"},"modified":"2024-05-08T12:34:08","modified_gmt":"2024-05-08T10:34:08","slug":"gesundheitsfoerderung-durch-einen-klima-und-umweltbewussten-lebensstil","status":"publish","type":"post","link":"https:\/\/www.schmid-schmid.at\/blog\/aktuelles\/gesundheitsfoerderung-durch-einen-klima-und-umweltbewussten-lebensstil","title":{"rendered":"Gesundheit und Klimawandel"},"content":{"rendered":"<h2 class=\"c-statements__headline headline--3 js-remove_if_empty\">Wie der Klimawandel unsere Gesundheit beeintr\u00e4chtigt &#8211; und was wir dagegen tun k\u00f6nnen!<\/h2>\n<div class=\"c-statements__subtext js-remove_if_empty\">\n<p>Der Klimawandel und die H\u00e4ufung von Extremwetterereignissen f\u00fchren zu einer deutlichen Zunahme an Krankheiten in bestimmten Bev\u00f6lkerungsgruppen. Zunehmend ist aber auch die breite Bev\u00f6lkerung gesundheitlich vom Klimawandel betroffen.<\/p>\n<p>Dabei werden durch extreme Ereignisse wie Hitzewellen, gro\u00dfe Fl\u00e4chenbr\u00e4nde, \u00dcberschwemmungen oder Starkregenereignisse bestehende Erkrankungen verst\u00e4rkt, wie Herzkreislauf-erkrankungen, chronische Lungenerkrankungen oder Allergien. Andererseits entstehen \u201eneue\u201c Problematiken, wie Angsterkrankungen, Depressionen und Schlafst\u00f6rungen als Folge dieser Krisen.<\/p>\n<p>In diesem Vortrag wird vermittelt, welche wirkungsvollen Ma\u00dfnahmen jede Einzelperson treffen kann. Dar\u00fcber hinaus werden Tipps gegeben, mit welchen Gestaltungsm\u00f6glichkeiten auf Gemeindeebene auf diese Entwicklungen reagiert werden kann, um die \u00f6rtliche Bev\u00f6lkerung rechtzeitig zu informieren und bei der Umsetzung zu unterst\u00fctzen.<\/p>\n<h4><strong>Referentin:<\/strong><\/h4>\n<p>Dr.med.univ. Dr. Martina Schmid (Dr. Schmid &amp; Dr. Schmid OG, \u00d6KO Coaching und Praxis f\u00fcr Psychologie und Medizin St. P\u00f6lten)<\/p>\n<h4><strong>Termine \/ Orte:<\/strong><\/h4>\n<p>nach Vereinbarung<\/p>\n<\/div>\n<div><\/div>\n<h4><strong>Kosten:<\/strong><\/h4>\n<p>Kostenlos wenn die Veranstaltung \u00fcber BhW N\u00d6 organisiert wird.<\/p>\n<div><\/div>\n<div><\/div>\n<h4><strong>Bei Interesse nehmen Sie bitte Kontakt mit uns auf!<\/strong><\/h4>\n<div>M: <a href=\"mailto:office@schmid-schmid.at\">office@schmid-schmid.at<\/a><\/div>\n<div>T: 02742 73312<\/div>\n<p>&nbsp;<\/p>\n","protected":false},"excerpt":{"rendered":"<p>Wie der Klimawandel unsere Gesundheit beeintr\u00e4chtigt &#8211; und was wir dagegen tun k\u00f6nnen! Der Klimawandel und die H\u00e4ufung von Extremwetterereignissen f\u00fchren zu einer deutlichen Zunahme an Krankheiten in bestimmten Bev\u00f6lkerungsgruppen. Zunehmend ist aber auch die breite Bev\u00f6lkerung gesundheitlich vom Klimawandel betroffen. Dabei werden durch extreme Ereignisse wie Hitzewellen, gro\u00dfe Fl\u00e4chenbr\u00e4nde, \u00dcberschwemmungen oder Starkregenereignisse bestehende Erkrankungen verst\u00e4rkt, wie Herzkreislauf-erkrankungen, chronische Lungenerkrankungen oder Allergien. Andererseits entstehen \u201eneue\u201c Problematiken, wie Angsterkrankungen, Depressionen und Schlafst\u00f6rungen als Folge dieser Krisen. In diesem Vortrag wird vermittelt, welche wirkungsvollen Ma\u00dfnahmen jede Einzelperson treffen kann. Dar\u00fcber hinaus werden Tipps gegeben, mit welchen Gestaltungsm\u00f6glichkeiten auf Gemeindeebene auf diese Entwicklungen reagiert werden kann, um die \u00f6rtliche Bev\u00f6lkerung rechtzeitig zu informieren und bei der Umsetzung zu unterst\u00fctzen. Referentin: Dr.med.univ. Dr. Martina Schmid (Dr. Schmid &amp; Dr. Schmid OG, \u00d6KO Coaching und Praxis f\u00fcr Psychologie und Medizin St. P\u00f6lten) Termine \/ Orte: nach Vereinbarung Kosten: Kostenlos wenn die Veranstaltung \u00fcber BhW N\u00d6 organisiert wird. Bei Interesse nehmen Sie bitte Kontakt mit uns auf! M: office@schmid-schmid.at T: 02742 73312 &nbsp;<\/p>\n","protected":false},"author":6,"featured_media":0,"comment_status":"closed","ping_status":"closed","sticky":false,"template":"","format":"standard","meta":[],"categories":[1,9],"tags":[105,366,389,390],"_links":{"self":[{"href":"https:\/\/www.schmid-schmid.at\/blog\/wp-json\/wp\/v2\/posts\/3946"}],"collection":[{"href":"https:\/\/www.schmid-schmid.at\/blog\/wp-json\/wp\/v2\/posts"}],"about":[{"href":"https:\/\/www.schmid-schmid.at\/blog\/wp-json\/wp\/v2\/types\/post"}],"author":[{"embeddable":true,"href":"https:\/\/www.schmid-schmid.at\/blog\/wp-json\/wp\/v2\/users\/6"}],"replies":[{"embeddable":true,"href":"https:\/\/www.schmid-schmid.at\/blog\/wp-json\/wp\/v2\/comments?post=3946"}],"version-history":[{"count":3,"href":"https:\/\/www.schmid-schmid.at\/blog\/wp-json\/wp\/v2\/posts\/3946\/revisions"}],"predecessor-version":[{"id":4104,"href":"https:\/\/www.schmid-schmid.at\/blog\/wp-json\/wp\/v2\/posts\/3946\/revisions\/4104"}],"wp:attachment":[{"href":"https:\/\/www.schmid-schmid.at\/blog\/wp-json\/wp\/v2\/media?parent=3946"}],"wp:term":[{"taxonomy":"category","embeddable":true,"href":"https:\/\/www.schmid-schmid.at\/blog\/wp-json\/wp\/v2\/categories?post=3946"},{"taxonomy":"post_tag","embeddable":true,"href":"https:\/\/www.schmid-schmid.at\/blog\/wp-json\/wp\/v2\/tags?post=3946"}],"curies":[{"name":"wp","href":"https:\/\/api.w.org\/{rel}","templated":true}]}}