{"id":3928,"date":"2022-09-06T15:16:20","date_gmt":"2022-09-06T13:16:20","guid":{"rendered":"https:\/\/www.schmid-schmid.at\/blog\/?p=3928"},"modified":"2022-10-19T18:41:40","modified_gmt":"2022-10-19T16:41:40","slug":"qeeg-geleitetes-neurofeedback-bei-neuropsychologischen-stoerungen","status":"publish","type":"post","link":"https:\/\/www.schmid-schmid.at\/blog\/aktuelles\/qeeg-geleitetes-neurofeedback-bei-neuropsychologischen-stoerungen","title":{"rendered":"QEEG-geleitetes Neurofeedback bei neuropsychologischen St\u00f6rungen"},"content":{"rendered":"<p>Vortrag von Norman Schmid bei der DGBfb Tagung am 23.-24.9.2022 in Weimar<\/p>\n<p>In diesem Vortrag wird auf die Erfahrungen von QEEG-geleitetem Neurofeedback bei neuropsychologischen St\u00f6rungen eingegengen. Es werden Fallbeispiele und Therapieverl\u00e4ufe von PatientInnen mit Sch\u00e4del-Hirn-Trauma, kindlichem ADS, adultem ADHS und Tinnitus pr\u00e4sentiert.<\/p>\n<p><strong>Folien zum Vortrag:<\/strong><\/p>\n<p><a href=\"https:\/\/www.schmid-schmid.at\/blog\/wp-content\/uploads\/2022\/09\/QEEG-geleitetes-Neurofeedback-Schmid-9-2022.pdf\">QEEG-geleitetes Neurofeedback, Schmid 9-2022<\/a><\/p>\n","protected":false},"excerpt":{"rendered":"<p>Vortrag von Norman Schmid bei der DGBfb Tagung am 23.-24.9.2022 in Weimar In diesem Vortrag wird auf die Erfahrungen von QEEG-geleitetem Neurofeedback bei neuropsychologischen St\u00f6rungen eingegengen. Es werden Fallbeispiele und Therapieverl\u00e4ufe von PatientInnen mit Sch\u00e4del-Hirn-Trauma, kindlichem ADS, adultem ADHS und Tinnitus pr\u00e4sentiert. Folien zum Vortrag: QEEG-geleitetes Neurofeedback, Schmid 9-2022<\/p>\n","protected":false},"author":6,"featured_media":3929,"comment_status":"closed","ping_status":"closed","sticky":false,"template":"","format":"standard","meta":[],"categories":[1],"tags":[],"_links":{"self":[{"href":"https:\/\/www.schmid-schmid.at\/blog\/wp-json\/wp\/v2\/posts\/3928"}],"collection":[{"href":"https:\/\/www.schmid-schmid.at\/blog\/wp-json\/wp\/v2\/posts"}],"about":[{"href":"https:\/\/www.schmid-schmid.at\/blog\/wp-json\/wp\/v2\/types\/post"}],"author":[{"embeddable":true,"href":"https:\/\/www.schmid-schmid.at\/blog\/wp-json\/wp\/v2\/users\/6"}],"replies":[{"embeddable":true,"href":"https:\/\/www.schmid-schmid.at\/blog\/wp-json\/wp\/v2\/comments?post=3928"}],"version-history":[{"count":3,"href":"https:\/\/www.schmid-schmid.at\/blog\/wp-json\/wp\/v2\/posts\/3928\/revisions"}],"predecessor-version":[{"id":3950,"href":"https:\/\/www.schmid-schmid.at\/blog\/wp-json\/wp\/v2\/posts\/3928\/revisions\/3950"}],"wp:featuredmedia":[{"embeddable":true,"href":"https:\/\/www.schmid-schmid.at\/blog\/wp-json\/wp\/v2\/media\/3929"}],"wp:attachment":[{"href":"https:\/\/www.schmid-schmid.at\/blog\/wp-json\/wp\/v2\/media?parent=3928"}],"wp:term":[{"taxonomy":"category","embeddable":true,"href":"https:\/\/www.schmid-schmid.at\/blog\/wp-json\/wp\/v2\/categories?post=3928"},{"taxonomy":"post_tag","embeddable":true,"href":"https:\/\/www.schmid-schmid.at\/blog\/wp-json\/wp\/v2\/tags?post=3928"}],"curies":[{"name":"wp","href":"https:\/\/api.w.org\/{rel}","templated":true}]}}